{"id":40918,"date":"2024-06-22T18:35:42","date_gmt":"2024-06-22T16:35:42","guid":{"rendered":"http:\/\/dev-x-pyr.com\/forecast-day-1-23-6-24-the-atlantic-sends-its-regards\/"},"modified":"2024-06-24T17:55:40","modified_gmt":"2024-06-24T15:55:40","slug":"forecast-day-1-23-6-24-the-atlantic-sends-its-regards","status":"publish","type":"post","link":"http:\/\/dev-x-pyr.com\/es\/forecast-day-1-23-6-24-the-atlantic-sends-its-regards\/","title":{"rendered":"Previsi\u00f3n Day 1 (23.6.24) &#8211; El Atl\u00e1ntico le env\u00eda saludos"},"content":{"rendered":"\n<p><\/p>\n\n\n\n<p><strong>Sinopsis<\/strong>:<br>Los Pirineos atl\u00e1nticos permanecen en la zona fronteriza entre las altas presiones atl\u00e1nticas y un sistema de bajas presiones en el suroeste de Francia y el Mediterr\u00e1neo. A lo largo de esta zona fronteriza, prevalece un flujo del noroeste al norte que advecta aire bastante h\u00famedo del Golfo de Vizcaya hacia el Pa\u00eds Vasco.<\/p>\n\n\n\n<p><strong>Pa\u00eds Vasco:<br><\/strong><\/p>\n\n\n\n<figure data-wp-context=\"{&quot;imageId&quot;:&quot;69f1c21fb4ebf&quot;}\" data-wp-interactive=\"core\/image\" data-wp-key=\"69f1c21fb4ebf\" class=\"wp-block-image size-full is-resized wp-lightbox-container\"><img loading=\"lazy\" decoding=\"async\" width=\"853\" height=\"914\" data-wp-class--hide=\"state.isContentHidden\" data-wp-class--show=\"state.isContentVisible\" data-wp-init=\"callbacks.setButtonStyles\" data-wp-on--click=\"actions.showLightbox\" data-wp-on--load=\"callbacks.setButtonStyles\" data-wp-on-window--resize=\"callbacks.setButtonStyles\" src=\"http:\/\/dev-x-pyr.com\/wp-content\/uploads\/2024\/06\/image-1.png\" alt=\"\" class=\"wp-image-40893\" style=\"width:392px;height:auto\" srcset=\"http:\/\/dev-x-pyr.com\/wp-content\/uploads\/2024\/06\/image-1.png 853w, http:\/\/dev-x-pyr.com\/wp-content\/uploads\/2024\/06\/image-1-280x300.png 280w, http:\/\/dev-x-pyr.com\/wp-content\/uploads\/2024\/06\/image-1-768x823.png 768w\" sizes=\"(max-width: 853px) 100vw, 853px\" \/><button\n\t\t\tclass=\"lightbox-trigger\"\n\t\t\ttype=\"button\"\n\t\t\taria-haspopup=\"dialog\"\n\t\t\taria-label=\"Agrandar\"\n\t\t\tdata-wp-init=\"callbacks.initTriggerButton\"\n\t\t\tdata-wp-on--click=\"actions.showLightbox\"\n\t\t\tdata-wp-style--right=\"state.imageButtonRight\"\n\t\t\tdata-wp-style--top=\"state.imageButtonTop\"\n\t\t>\n\t\t\t<svg xmlns=\"http:\/\/www.w3.org\/2000\/svg\" width=\"12\" height=\"12\" fill=\"none\" viewBox=\"0 0 12 12\">\n\t\t\t\t<path fill=\"#fff\" d=\"M2 0a2 2 0 0 0-2 2v2h1.5V2a.5.5 0 0 1 .5-.5h2V0H2Zm2 10.5H2a.5.5 0 0 1-.5-.5V8H0v2a2 2 0 0 0 2 2h2v-1.5ZM8 12v-1.5h2a.5.5 0 0 0 .5-.5V8H12v2a2 2 0 0 1-2 2H8Zm2-12a2 2 0 0 1 2 2v2h-1.5V2a.5.5 0 0 0-.5-.5H8V0h2Z\" \/>\n\t\t\t<\/svg>\n\t\t<\/button><figcaption class=\"wp-element-caption\"><br>Resumiendo, aire muy h\u00famedo por debajo de 2000 m, como se ve aqu\u00ed en el perfil vertical de ECMWF-Data para un punto al SW de TP1 Larun, por windy.com.<\/figcaption><\/figure>\n\n\n\n<p>Debido al aumento de la presi\u00f3n, la humedad se encapota por debajo de los 2000m aproximadamente, dando lugar a un denso estrato bajo que cubre el Pa\u00eds Vasco. La base de este estrato parece variar de altitud &#8211; entre 700 y 1200m. El levantamiento orogr\u00e1fico de esta humedad a lo largo de las monta\u00f1as puede dar lugar a lloviznas a lo largo de la monta\u00f1a, adicionalmente el calentamiento diurno puede desencadenar chubascos locales a lo largo de la l\u00ednea de rumbo, principalmente por la tarde.<\/p>\n\n\n\n<p>Resumiendo el d\u00eda: aire muy h\u00famedo en los 2000 m m\u00e1s bajos, como se muestra aqu\u00ed en el perfil vertical de ECMWF-Data para un punto justo al suroeste de TP1 Larun, por windy.com.<\/p>\n\n\n\n<p>Con la direcci\u00f3n del viento del norte, en el Pa\u00eds Vasco espa\u00f1ol es posible que se produzcan algunos efectos Lee, lo que dar\u00eda lugar a una base nubosa localmente elevada, pero la nubosidad sigue siendo densa all\u00ed tambi\u00e9n y algunos posibles vientos descendentes podr\u00edan complicar un poco las cosas. <\/p>\n\n\n\n<p>La masa de aire podr\u00eda ser un poco m\u00e1s seca en las monta\u00f1as espa\u00f1olas alrededor de Pamplona, pero primero hay que llegar all\u00ed &#8211; y una vez all\u00ed, los vientos del norte siguen siendo un problema.<\/p>\n\n\n\n<figure data-wp-context=\"{&quot;imageId&quot;:&quot;69f1c21fc4f9e&quot;}\" data-wp-interactive=\"core\/image\" data-wp-key=\"69f1c21fc4f9e\" class=\"wp-block-image size-large is-resized wp-lightbox-container\"><img loading=\"lazy\" decoding=\"async\" width=\"1024\" height=\"592\" data-wp-class--hide=\"state.isContentHidden\" data-wp-class--show=\"state.isContentVisible\" data-wp-init=\"callbacks.setButtonStyles\" data-wp-on--click=\"actions.showLightbox\" data-wp-on--load=\"callbacks.setButtonStyles\" data-wp-on-window--resize=\"callbacks.setButtonStyles\" src=\"http:\/\/dev-x-pyr.com\/wp-content\/uploads\/2024\/06\/image-2-1024x592.png\" alt=\"\" class=\"wp-image-40895\" style=\"width:643px;height:auto\" srcset=\"http:\/\/dev-x-pyr.com\/wp-content\/uploads\/2024\/06\/image-2-1024x592.png 1024w, http:\/\/dev-x-pyr.com\/wp-content\/uploads\/2024\/06\/image-2-300x173.png 300w, http:\/\/dev-x-pyr.com\/wp-content\/uploads\/2024\/06\/image-2-768x444.png 768w, http:\/\/dev-x-pyr.com\/wp-content\/uploads\/2024\/06\/image-2.png 1494w\" sizes=\"(max-width: 1024px) 100vw, 1024px\" \/><button\n\t\t\tclass=\"lightbox-trigger\"\n\t\t\ttype=\"button\"\n\t\t\taria-haspopup=\"dialog\"\n\t\t\taria-label=\"Agrandar\"\n\t\t\tdata-wp-init=\"callbacks.initTriggerButton\"\n\t\t\tdata-wp-on--click=\"actions.showLightbox\"\n\t\t\tdata-wp-style--right=\"state.imageButtonRight\"\n\t\t\tdata-wp-style--top=\"state.imageButtonTop\"\n\t\t>\n\t\t\t<svg xmlns=\"http:\/\/www.w3.org\/2000\/svg\" width=\"12\" height=\"12\" fill=\"none\" viewBox=\"0 0 12 12\">\n\t\t\t\t<path fill=\"#fff\" d=\"M2 0a2 2 0 0 0-2 2v2h1.5V2a.5.5 0 0 1 .5-.5h2V0H2Zm2 10.5H2a.5.5 0 0 1-.5-.5V8H0v2a2 2 0 0 0 2 2h2v-1.5ZM8 12v-1.5h2a.5.5 0 0 0 .5-.5V8H12v2a2 2 0 0 1-2 2H8Zm2-12a2 2 0 0 1 2 2v2h-1.5V2a.5.5 0 0 0-.5-.5H8V0h2Z\" \/>\n\t\t\t<\/svg>\n\t\t<\/button><figcaption class=\"wp-element-caption\">Previsi\u00f3n t\u00e9rmica para la zona entre Pamplona y Pic Orhi, emitida por xctherm.com<\/figcaption><\/figure>\n\n\n\n<p>En resumen, el domingo no va a ser un d\u00eda f\u00e1cil, con un potencial de vuelo muy limitado en las previsiones &#8211; y el helecho vasco tambi\u00e9n har\u00e1 de las suyas \ud83d\ude09<\/p>\n\n\n\n<p>Previsiones: El lunes y el martes parecen mucho m\u00e1s prometedores con el aire sec\u00e1ndose, incluso en el lado franc\u00e9s de los Pirineos. Con los vientos en calma, estos d\u00edas deber\u00edan ofrecer unas condiciones de vuelo bastante decentes.<\/p>\n\n\n\n<p><\/p>\n","protected":false},"excerpt":{"rendered":"<p>Sinopsis:Los Pirineos atl\u00e1nticos permanecen en la zona fronteriza entre las altas presiones atl\u00e1nticas y un sistema de bajas presiones en el suroeste de Francia y el Mediterr\u00e1neo. A lo largo de esta zona fronteriza, prevalece un flujo del noroeste al norte que advecta aire bastante h\u00famedo del Golfo de Vizcaya hacia el Pa\u00eds Vasco. Pa\u00eds [&hellip;]<\/p>\n","protected":false},"author":23,"featured_media":40898,"comment_status":"open","ping_status":"open","sticky":false,"template":"","format":"standard","meta":{"_acf_changed":false,"footnotes":""},"categories":[101],"tags":[638],"class_list":["post-40918","post","type-post","status-publish","format-standard","has-post-thumbnail","hentry","category-uncategorized-es","tag-meteo_forecast-es"],"acf":[],"_links":{"self":[{"href":"http:\/\/dev-x-pyr.com\/es\/wp-json\/wp\/v2\/posts\/40918","targetHints":{"allow":["GET"]}}],"collection":[{"href":"http:\/\/dev-x-pyr.com\/es\/wp-json\/wp\/v2\/posts"}],"about":[{"href":"http:\/\/dev-x-pyr.com\/es\/wp-json\/wp\/v2\/types\/post"}],"author":[{"embeddable":true,"href":"http:\/\/dev-x-pyr.com\/es\/wp-json\/wp\/v2\/users\/23"}],"replies":[{"embeddable":true,"href":"http:\/\/dev-x-pyr.com\/es\/wp-json\/wp\/v2\/comments?post=40918"}],"version-history":[{"count":8,"href":"http:\/\/dev-x-pyr.com\/es\/wp-json\/wp\/v2\/posts\/40918\/revisions"}],"predecessor-version":[{"id":40949,"href":"http:\/\/dev-x-pyr.com\/es\/wp-json\/wp\/v2\/posts\/40918\/revisions\/40949"}],"wp:featuredmedia":[{"embeddable":true,"href":"http:\/\/dev-x-pyr.com\/es\/wp-json\/wp\/v2\/media\/40898"}],"wp:attachment":[{"href":"http:\/\/dev-x-pyr.com\/es\/wp-json\/wp\/v2\/media?parent=40918"}],"wp:term":[{"taxonomy":"category","embeddable":true,"href":"http:\/\/dev-x-pyr.com\/es\/wp-json\/wp\/v2\/categories?post=40918"},{"taxonomy":"post_tag","embeddable":true,"href":"http:\/\/dev-x-pyr.com\/es\/wp-json\/wp\/v2\/tags?post=40918"}],"curies":[{"name":"wp","href":"https:\/\/api.w.org\/{rel}","templated":true}]}}