{"id":41532,"date":"2024-06-25T21:12:10","date_gmt":"2024-06-25T19:12:10","guid":{"rendered":"http:\/\/dev-x-pyr.com\/meteo-forecast-day-4-26-6-welcome-to-our-dear-friend-instability\/"},"modified":"2024-06-25T23:19:22","modified_gmt":"2024-06-25T21:19:22","slug":"meteo-forecast-day-4-26-6-welcome-to-our-dear-friend-instability","status":"publish","type":"post","link":"http:\/\/dev-x-pyr.com\/es\/meteo-forecast-day-4-26-6-welcome-to-our-dear-friend-instability\/","title":{"rendered":"Previsi\u00f3n Meteo D\u00eda 4 (26.6.): Bienvenida a nuestra querida amiga la Inestabilidad"},"content":{"rendered":"\n<p><strong>Resumen:<\/strong><\/p>\n\n\n\n<p>Los Pirineos permanecen entre dos bajas t\u00e9rmicas, una al este sobre Italia, que se llena lentamente y con influencia decreciente, y otra hacia la costa atl\u00e1ntica portuguesa, que aumenta su influencia sobre la regi\u00f3n. El aire c\u00e1lido y cada vez m\u00e1s h\u00famedo del sur es advectado hacia Espa\u00f1a, lo que provoca un aumento de la nubosidad y de la inestabilidad.<br>La intensidad de esta advecci\u00f3n y su extensi\u00f3n hacia los Pirineos dependen en gran medida de la posici\u00f3n de la baja de corte portuguesa, que est\u00e1 sujeta a una gran incertidumbre.<\/p>\n\n\n\n<figure class=\"wp-block-image size-large is-resized\"><img loading=\"lazy\" decoding=\"async\" width=\"1024\" height=\"964\" src=\"http:\/\/dev-x-pyr.com\/wp-content\/uploads\/2024\/06\/Unbenannt-1024x964.png\" alt=\"\" class=\"wp-image-41514\" style=\"width:552px;height:auto\" srcset=\"http:\/\/dev-x-pyr.com\/wp-content\/uploads\/2024\/06\/Unbenannt-1024x964.png 1024w, http:\/\/dev-x-pyr.com\/wp-content\/uploads\/2024\/06\/Unbenannt-300x282.png 300w, http:\/\/dev-x-pyr.com\/wp-content\/uploads\/2024\/06\/Unbenannt-768x723.png 768w, http:\/\/dev-x-pyr.com\/wp-content\/uploads\/2024\/06\/Unbenannt-1536x1446.png 1536w, http:\/\/dev-x-pyr.com\/wp-content\/uploads\/2024\/06\/Unbenannt.png 1620w\" sizes=\"(max-width: 1024px) 100vw, 1024px\" \/><figcaption class=\"wp-element-caption\">Elige tu veneno: Se\u00f1ales de precipitaci\u00f3n en los Pirineos a partir de 4 modelos meteorol\u00f3gicos diferentes para el mi\u00e9rcoles 26.6. 1600 LT. Datos de meteociel.fr<\/figcaption><\/figure>\n\n\n\n<p><strong>\u00c1rea alrededort de TP2 (Pirineos Atl\u00e1nticos):<\/strong><br>Tambi\u00e9n en los Pirineos espa\u00f1oles, algunas nubes se desplazar\u00e1n por el cielo durante las primeras horas de la ma\u00f1ana y el mediod\u00eda.<br>Sin embargo, las t\u00e9rmicas deber\u00edan desarrollarse durante la ma\u00f1ana, alcanzando m\u00e1ximos en torno a 3000-3500 MASL en los Pirineos altos y en torno a 2600 MASL en las estribaciones. Las capas bajas de las estribaciones son m\u00e1s estables y las t\u00e9rmicas comenzar\u00e1n m\u00e1s tarde, pero una vez desarrolladas ofrecer\u00e1n buenas velocidades de ascenso.Predominar\u00e1n los vientos del sur a suroeste de 15 a 25 km\/h, con la posibilidad de un ligero viento de cola del WNW por encima de 2500 MASL.<br>La probabilidad de sobredesarrollo a lo largo de la ruta tambi\u00e9n es real en Espa\u00f1a, pero la masa de aire es un poco m\u00e1s seca hacia el este, por lo que las condiciones parecen un poco mejores hacia el TP5. El sobredesarrollo en las partes orientales de los Pirineos parece estar principalmente en el lado franc\u00e9s de la cordillera y en las zonas hacia el Mediterr\u00e1neo, donde la masa de aire ofrece m\u00e1s humedad.<\/p>\n\n\n\n<figure class=\"wp-block-image size-large\"><img loading=\"lazy\" decoding=\"async\" width=\"1024\" height=\"594\" src=\"http:\/\/dev-x-pyr.com\/wp-content\/uploads\/2024\/06\/image-20-1024x594.png\" alt=\"\" class=\"wp-image-41516\" srcset=\"http:\/\/dev-x-pyr.com\/wp-content\/uploads\/2024\/06\/image-20-1024x594.png 1024w, http:\/\/dev-x-pyr.com\/wp-content\/uploads\/2024\/06\/image-20-300x174.png 300w, http:\/\/dev-x-pyr.com\/wp-content\/uploads\/2024\/06\/image-20-768x446.png 768w, http:\/\/dev-x-pyr.com\/wp-content\/uploads\/2024\/06\/image-20.png 1487w\" sizes=\"(max-width: 1024px) 100vw, 1024px\" \/><figcaption class=\"wp-element-caption\">Una vez que las t\u00e9rmicas est\u00e9n en su sitio, las primeras horas de vuelo deber\u00edan ser bastante r\u00e1pidas, antes de que el cielo empiece a acumularse\u2026Previsi\u00f3n t\u00e9rmica para los Pirineos Centrales espa\u00f1oles de XCtherm.com<\/figcaption><\/figure>\n\n\n\n<p><strong>Previsi\u00f3n:<\/strong><\/p>\n\n\n\n<p>Con la baja de corte portugu\u00e9s desplaz\u00e1ndose lentamente, el panorama sigue siendo muy incierto. Algunos modelos muestran un deterioro lento de las condiciones, con aumento de la nubosidad y las tormentas de un d\u00eda para otro, mientras que otros muestran condiciones decentes hasta el mediod\u00eda del viernes.<br>Lo que s\u00ed parece seguro es que los restos del corte pasar\u00e1n sobre los Pirineos el s\u00e1bado, provocando tormentas y lluvias generalizadas el \u00faltimo d\u00eda de la carrera.<\/p>\n\n\n\n<p><br> <\/p>\n","protected":false},"excerpt":{"rendered":"<p>Resumen: Los Pirineos permanecen entre dos bajas t\u00e9rmicas, una al este sobre Italia, que se llena lentamente y con influencia decreciente, y otra hacia la costa atl\u00e1ntica portuguesa, que aumenta su influencia sobre la regi\u00f3n. El aire c\u00e1lido y cada vez m\u00e1s h\u00famedo del sur es advectado hacia Espa\u00f1a, lo que provoca un aumento de [&hellip;]<\/p>\n","protected":false},"author":23,"featured_media":41519,"comment_status":"open","ping_status":"open","sticky":false,"template":"","format":"standard","meta":{"_acf_changed":false,"footnotes":""},"categories":[101],"tags":[638],"class_list":["post-41532","post","type-post","status-publish","format-standard","has-post-thumbnail","hentry","category-uncategorized-es","tag-meteo_forecast-es"],"acf":[],"_links":{"self":[{"href":"http:\/\/dev-x-pyr.com\/es\/wp-json\/wp\/v2\/posts\/41532","targetHints":{"allow":["GET"]}}],"collection":[{"href":"http:\/\/dev-x-pyr.com\/es\/wp-json\/wp\/v2\/posts"}],"about":[{"href":"http:\/\/dev-x-pyr.com\/es\/wp-json\/wp\/v2\/types\/post"}],"author":[{"embeddable":true,"href":"http:\/\/dev-x-pyr.com\/es\/wp-json\/wp\/v2\/users\/23"}],"replies":[{"embeddable":true,"href":"http:\/\/dev-x-pyr.com\/es\/wp-json\/wp\/v2\/comments?post=41532"}],"version-history":[{"count":1,"href":"http:\/\/dev-x-pyr.com\/es\/wp-json\/wp\/v2\/posts\/41532\/revisions"}],"predecessor-version":[{"id":41534,"href":"http:\/\/dev-x-pyr.com\/es\/wp-json\/wp\/v2\/posts\/41532\/revisions\/41534"}],"wp:featuredmedia":[{"embeddable":true,"href":"http:\/\/dev-x-pyr.com\/es\/wp-json\/wp\/v2\/media\/41519"}],"wp:attachment":[{"href":"http:\/\/dev-x-pyr.com\/es\/wp-json\/wp\/v2\/media?parent=41532"}],"wp:term":[{"taxonomy":"category","embeddable":true,"href":"http:\/\/dev-x-pyr.com\/es\/wp-json\/wp\/v2\/categories?post=41532"},{"taxonomy":"post_tag","embeddable":true,"href":"http:\/\/dev-x-pyr.com\/es\/wp-json\/wp\/v2\/tags?post=41532"}],"curies":[{"name":"wp","href":"https:\/\/api.w.org\/{rel}","templated":true}]}}