{"id":41963,"date":"2024-06-27T22:01:40","date_gmt":"2024-06-27T20:01:40","guid":{"rendered":"http:\/\/dev-x-pyr.com\/meteo-day-6-28-6-southwind-but-this-time-for-real\/"},"modified":"2024-06-28T12:49:45","modified_gmt":"2024-06-28T10:49:45","slug":"meteo-day-6-28-6-southwind-but-this-time-for-real","status":"publish","type":"post","link":"http:\/\/dev-x-pyr.com\/es\/meteo-day-6-28-6-southwind-but-this-time-for-real\/","title":{"rendered":"Meteo D\u00eda 6 (28.6.): Viento Sur, pero esta vez de verdad"},"content":{"rendered":"\n<p><strong>Resumen:<br><\/strong>Con la baja cortada desplaz\u00e1ndose lentamente hacia Espa\u00f1a, aumenta el flujo del sur en todas las altitudes.<\/p>\n\n\n\n<p>\u00c1<strong>rea de Castej\u00f3n:<br><\/strong><\/p>\n\n\n\n<p>Durante el mediod\u00eda, las condiciones siguen siendo bastante suaves pero estables. Cuando las t\u00e9rmicas empiecen a desarrollarse hacia el mediod\u00eda, el viento sur aumentar\u00e1 y alcanzar\u00e1 unos 20-40 km\/h a 2500 y de 40 a 50 km\/h a 3000 MASL. Las condiciones t\u00e9rmicas en s\u00ed siguen siendo bastante buenas con una previsi\u00f3n de nubosidad que alcanzar\u00e1 los 4000 MASL. Los desarrollos excesivos ya no son un problema, ya que las nubes se desplazan r\u00e1pidamente hacia Francia, y los datos de los modelos apenas muestran se\u00f1ales de chubascos.<\/p>\n\n\n\n<p><strong>\u00c1rea de Valle de N\u00faria<\/strong>:<br>En los Valles que rodean Andorra, la situaci\u00f3n del viento y las t\u00e9rmicas es similar a la de los Pirineos centrales en torno a Castej\u00f3n. En las crestas en la l\u00ednea de Valle Nuria\/Puigmal, los vientos del sur ser\u00e1n probablemente m\u00e1s fuertes, incluso en altitudes m\u00e1s bajas. Lo mismo es v\u00e1lido para las monta\u00f1as al este del TP5.<\/p>\n\n\n\n<figure class=\"wp-block-image size-large\"><img loading=\"lazy\" decoding=\"async\" width=\"1024\" height=\"596\" src=\"http:\/\/dev-x-pyr.com\/wp-content\/uploads\/2024\/06\/image-25-1024x596.png\" alt=\"\" class=\"wp-image-41927\" srcset=\"http:\/\/dev-x-pyr.com\/wp-content\/uploads\/2024\/06\/image-25-1024x596.png 1024w, http:\/\/dev-x-pyr.com\/wp-content\/uploads\/2024\/06\/image-25-300x175.png 300w, http:\/\/dev-x-pyr.com\/wp-content\/uploads\/2024\/06\/image-25-768x447.png 768w, http:\/\/dev-x-pyr.com\/wp-content\/uploads\/2024\/06\/image-25.png 1487w\" sizes=\"(max-width: 1024px) 100vw, 1024px\" \/><figcaption class=\"wp-element-caption\">Aunque los gradientes t\u00e9rmicos y las velocidades de ascenso siguen pareciendo correctas, el viento cada vez m\u00e1s meridional complicar\u00e1 bastante las cosas, sobre todo en los niveles de vuelo m\u00e1s altos\u2026 Previsi\u00f3n para los Pirineos catalanes por XCTherm.com<\/figcaption><\/figure>\n\n\n\n<p>Goal:<br>The flats around Figueres and direction goal will remain tricky. Seabreeze and very stable conditions will make progress by flying difficult. Again, it seems like the southerly winds will overrule the northerly Tramuntana, making for a stiff seabreeze. If there are any thermals at all, they are most likely to be found in the later afternoon.<\/p>\n\n\n\n<p>Previsi\u00f3n:<br>Desgraciadamente, el \u00faltimo d\u00eda traer\u00e1 condiciones meteorol\u00f3gicas bastante malas. Es probable que a primera hora de la ma\u00f1ana a\u00fan est\u00e9 seco alrededor de Castej\u00f3n y hacia el este, pero durante el mediod\u00eda se producir\u00e1n chubascos y tormentas que se extender\u00e1n hacia el este. Alrededor de Gol, la lluvia har\u00e1 acto de presencia durante la tarde.<\/p>\n","protected":false},"excerpt":{"rendered":"<p>Resumen:Con la baja cortada desplaz\u00e1ndose lentamente hacia Espa\u00f1a, aumenta el flujo del sur en todas las altitudes. \u00c1rea de Castej\u00f3n: Durante el mediod\u00eda, las condiciones siguen siendo bastante suaves pero estables. Cuando las t\u00e9rmicas empiecen a desarrollarse hacia el mediod\u00eda, el viento sur aumentar\u00e1 y alcanzar\u00e1 unos 20-40 km\/h a 2500 y de 40 a [&hellip;]<\/p>\n","protected":false},"author":23,"featured_media":41926,"comment_status":"open","ping_status":"open","sticky":false,"template":"","format":"standard","meta":{"_acf_changed":false,"footnotes":""},"categories":[101],"tags":[638],"class_list":["post-41963","post","type-post","status-publish","format-standard","has-post-thumbnail","hentry","category-uncategorized-es","tag-meteo_forecast-es"],"acf":[],"_links":{"self":[{"href":"http:\/\/dev-x-pyr.com\/es\/wp-json\/wp\/v2\/posts\/41963","targetHints":{"allow":["GET"]}}],"collection":[{"href":"http:\/\/dev-x-pyr.com\/es\/wp-json\/wp\/v2\/posts"}],"about":[{"href":"http:\/\/dev-x-pyr.com\/es\/wp-json\/wp\/v2\/types\/post"}],"author":[{"embeddable":true,"href":"http:\/\/dev-x-pyr.com\/es\/wp-json\/wp\/v2\/users\/23"}],"replies":[{"embeddable":true,"href":"http:\/\/dev-x-pyr.com\/es\/wp-json\/wp\/v2\/comments?post=41963"}],"version-history":[{"count":1,"href":"http:\/\/dev-x-pyr.com\/es\/wp-json\/wp\/v2\/posts\/41963\/revisions"}],"predecessor-version":[{"id":41980,"href":"http:\/\/dev-x-pyr.com\/es\/wp-json\/wp\/v2\/posts\/41963\/revisions\/41980"}],"wp:featuredmedia":[{"embeddable":true,"href":"http:\/\/dev-x-pyr.com\/es\/wp-json\/wp\/v2\/media\/41926"}],"wp:attachment":[{"href":"http:\/\/dev-x-pyr.com\/es\/wp-json\/wp\/v2\/media?parent=41963"}],"wp:term":[{"taxonomy":"category","embeddable":true,"href":"http:\/\/dev-x-pyr.com\/es\/wp-json\/wp\/v2\/categories?post=41963"},{"taxonomy":"post_tag","embeddable":true,"href":"http:\/\/dev-x-pyr.com\/es\/wp-json\/wp\/v2\/tags?post=41963"}],"curies":[{"name":"wp","href":"https:\/\/api.w.org\/{rel}","templated":true}]}}