{"id":42364,"date":"2025-09-28T07:52:42","date_gmt":"2025-09-28T05:52:42","guid":{"rendered":"http:\/\/dev-x-pyr.com\/x-pyr-2026-save-the-dates-applications-opening-soon\/"},"modified":"2026-01-13T13:18:28","modified_gmt":"2026-01-13T12:18:28","slug":"x-pyr-2026-save-the-dates-applications-opening-soon","status":"publish","type":"post","link":"http:\/\/dev-x-pyr.com\/es\/x-pyr-2026-save-the-dates-applications-opening-soon\/","title":{"rendered":"X-Pyr 2026: Guarda las fechas"},"content":{"rendered":"\n<p><\/p>\n\n\n\n<p>Nos alegra confirmar que la <strong>X-Pyr 2026<\/strong> empezar\u00e1 el <strong>21 junio de 2026 a las 10:00 <\/strong>en la playa de Hondarribia. La competici\u00f3n volver\u00e1 a poner a prueba a los atletas, que tendr\u00e1n que cruzar los Pirineos de punta a punta, desde la costa atl\u00e1nticahasta el Mediterr\u00e1neo en El Port de la Selva, usando como medio de transporte solo parapente y senderismo.<\/p>\n\n\n\n<p>Las inscripciones se abrir\u00e1n el <strong>15 de octubre<\/strong> y se cerrar\u00e1n la medianoche (CET) del <strong>31 de diciembre<\/strong>.<\/p>\n\n\n\n<p>Aqu\u00ed est\u00e1 el calendario completo para 2026:<\/p>\n\n\n\n<ul class=\"wp-block-list\">\n<li>15 de octubre: inicia el plazo de inscripci\u00f3n<\/li>\n\n\n\n<li>31 de diciembre: cierre del plazo de inscripci\u00f3n<\/li>\n\n\n\n<li>Mediados de enero: publicaci\u00f3n de la lista de equipos seleccionados<\/li>\n\n\n\n<li>Mediados de mayo: publicaci\u00f3n del recorrido<\/li>\n\n\n\n<li>21 de junio, 10:00: inicio de la carrera<\/li>\n\n\n\n<li>27 de junio: final de la carrera<\/li>\n\n\n\n<li>28 de junio, 12:00 (CET): entrega de premios<\/li>\n<\/ul>\n\n\n\n<p>Se recomienda a los atletas interesados en participar que se preparen con antelaci\u00f3n.<br>Las normas detalladas, la log\u00edstica, la informaci\u00f3n sobre la ruta, el equipo obligatorio y las pol\u00edticas de seguridad se publicar\u00e1n a su debido tiempo.<\/p>\n\n\n\n<p>Mientras, por favor, <a href=\"mailto:contact@x-pyr.com\">cont\u00e1ctanos<\/a> para cualquier duda sobre la participaci\u00f3n.<\/p>\n","protected":false},"excerpt":{"rendered":"<p>Nos alegra confirmar que la X-Pyr 2026 empezar\u00e1 el 21 junio de 2026 a las 10:00 en la playa de Hondarribia. La competici\u00f3n volver\u00e1 a poner a prueba a los atletas, que tendr\u00e1n que cruzar los Pirineos de punta a punta, desde la costa atl\u00e1nticahasta el Mediterr\u00e1neo en El Port de la Selva, usando como [&hellip;]<\/p>\n","protected":false},"author":4,"featured_media":42261,"comment_status":"open","ping_status":"open","sticky":false,"template":"","format":"standard","meta":{"_acf_changed":false,"footnotes":""},"categories":[375,376,378],"tags":[789],"class_list":["post-42364","post","type-post","status-publish","format-standard","has-post-thumbnail","hentry","category-home-es","category-race_news-es","category-slider-home-es","tag-2026-es"],"acf":[],"_links":{"self":[{"href":"http:\/\/dev-x-pyr.com\/es\/wp-json\/wp\/v2\/posts\/42364","targetHints":{"allow":["GET"]}}],"collection":[{"href":"http:\/\/dev-x-pyr.com\/es\/wp-json\/wp\/v2\/posts"}],"about":[{"href":"http:\/\/dev-x-pyr.com\/es\/wp-json\/wp\/v2\/types\/post"}],"author":[{"embeddable":true,"href":"http:\/\/dev-x-pyr.com\/es\/wp-json\/wp\/v2\/users\/4"}],"replies":[{"embeddable":true,"href":"http:\/\/dev-x-pyr.com\/es\/wp-json\/wp\/v2\/comments?post=42364"}],"version-history":[{"count":4,"href":"http:\/\/dev-x-pyr.com\/es\/wp-json\/wp\/v2\/posts\/42364\/revisions"}],"predecessor-version":[{"id":42440,"href":"http:\/\/dev-x-pyr.com\/es\/wp-json\/wp\/v2\/posts\/42364\/revisions\/42440"}],"wp:featuredmedia":[{"embeddable":true,"href":"http:\/\/dev-x-pyr.com\/es\/wp-json\/wp\/v2\/media\/42261"}],"wp:attachment":[{"href":"http:\/\/dev-x-pyr.com\/es\/wp-json\/wp\/v2\/media?parent=42364"}],"wp:term":[{"taxonomy":"category","embeddable":true,"href":"http:\/\/dev-x-pyr.com\/es\/wp-json\/wp\/v2\/categories?post=42364"},{"taxonomy":"post_tag","embeddable":true,"href":"http:\/\/dev-x-pyr.com\/es\/wp-json\/wp\/v2\/tags?post=42364"}],"curies":[{"name":"wp","href":"https:\/\/api.w.org\/{rel}","templated":true}]}}