{"id":42672,"date":"2026-02-06T19:00:00","date_gmt":"2026-02-06T18:00:00","guid":{"rendered":"http:\/\/dev-x-pyr.com\/x-pyr-2026-athlete-announcement\/"},"modified":"2026-02-06T19:01:01","modified_gmt":"2026-02-06T18:01:01","slug":"x-pyr-2026-athlete-announcement","status":"publish","type":"post","link":"http:\/\/dev-x-pyr.com\/es\/x-pyr-2026-athlete-announcement\/","title":{"rendered":"X-Pyr 2026: Lista de seleccionados"},"content":{"rendered":"\n<p>Tras un n\u00famero r\u00e9cord de inscritos, ya podemos anunciar los equipos seleccionados. Son 50, el mayor n\u00famero en la historia de la carrera. Algunos son rostros conocidos de la X-Pyr. El \u00faltimo ganador Simon Oberrauner (AUT) y el subcampe\u00f3n de 2024 Christian Schugg (GER), as\u00ed como el piloto local y ex campe\u00f3n del mundo Pierre Remy (FRA) competir\u00e1n contra el cuatro veces campe\u00f3n Chrigel Maurer (SUI), que regresa a la carrera tras un descanso.<\/p>\n\n\n\n<p>Habr\u00e1 30 novatos, entre ellos 5 mujeres. Se ha seleccionado a muchos pilotos locales de los Pirineos, cuyo conocimiento del terreno y las condiciones meteorol\u00f3gicas puede resultar crucial. Aqu\u00ed puedes ver todos los equipos que estar\u00e1n en la l\u00ednea de salida en Hondarribia el 21 de junio.<\/p>\n\n\n\n<p>Lo decimos en cada edici\u00f3n, pero este a\u00f1o contamos con el nivel m\u00e1s alto de competidores hasta la fecha y la carrera promete ser muy re\u00f1ida. Hay muchos posibles ganadores entre los participantes. \u00a1Va a ser una semana emocionante!<\/p>\n\n\n\n<p><strong>NOVATOS<\/strong>: estos novatos suben al escenario de X-Pyr por primera vez.<\/p>\n\n\n\n<figure class=\"wp-block-image size-large\"><a href=\"http:\/\/dev-x-pyr.com\/wp-content\/uploads\/2026\/02\/Rookie_c-1024x255.webp\"><img loading=\"lazy\" decoding=\"async\" width=\"1024\" height=\"255\" src=\"http:\/\/dev-x-pyr.com\/wp-content\/uploads\/2026\/02\/Rookie_c-1024x255.webp\" alt=\"\" class=\"wp-image-42649\" srcset=\"http:\/\/dev-x-pyr.com\/wp-content\/uploads\/2026\/02\/Rookie_c-1024x255.webp 1024w, http:\/\/dev-x-pyr.com\/wp-content\/uploads\/2026\/02\/Rookie_c-300x75.webp 300w, http:\/\/dev-x-pyr.com\/wp-content\/uploads\/2026\/02\/Rookie_c-768x191.webp 768w, http:\/\/dev-x-pyr.com\/wp-content\/uploads\/2026\/02\/Rookie_c-1536x383.webp 1536w, http:\/\/dev-x-pyr.com\/wp-content\/uploads\/2026\/02\/Rookie_c.webp 1693w\" sizes=\"(max-width: 1024px) 100vw, 1024px\" \/><\/a><\/figure>\n\n\n\n<p><\/p>\n\n\n\n<p><strong>PRINCIPIANTES<\/strong>: echa un vistazo a otros atletas que participan por primera vez en la X-Pyr.<\/p>\n\n\n\n<figure class=\"wp-block-image size-large\"><a href=\"http:\/\/dev-x-pyr.com\/wp-content\/uploads\/2026\/02\/1st-Timer-1024x213.webp\"><img loading=\"lazy\" decoding=\"async\" width=\"1024\" height=\"213\" src=\"http:\/\/dev-x-pyr.com\/wp-content\/uploads\/2026\/02\/1st-Timer-1024x213.webp\" alt=\"\" class=\"wp-image-42656\" srcset=\"http:\/\/dev-x-pyr.com\/wp-content\/uploads\/2026\/02\/1st-Timer-1024x213.webp 1024w, http:\/\/dev-x-pyr.com\/wp-content\/uploads\/2026\/02\/1st-Timer-300x63.webp 300w, http:\/\/dev-x-pyr.com\/wp-content\/uploads\/2026\/02\/1st-Timer-768x160.webp 768w, http:\/\/dev-x-pyr.com\/wp-content\/uploads\/2026\/02\/1st-Timer-1536x320.webp 1536w, http:\/\/dev-x-pyr.com\/wp-content\/uploads\/2026\/02\/1st-Timer.webp 2025w\" sizes=\"(max-width: 1024px) 100vw, 1024px\" \/><\/a><\/figure>\n\n\n\n<p><\/p>\n\n\n\n<p><strong>J\u00d3VENES PROMESAS<\/strong>: todos estos atletas tienen menos de 30 a\u00f1os, \u00bfpodr\u00e1n sus piernas j\u00f3venes vencer a los maduritos<\/p>\n\n\n\n<figure class=\"wp-block-image size-large\"><a href=\"http:\/\/dev-x-pyr.com\/wp-content\/uploads\/2026\/02\/Young-guns_c-1024x255.webp\"><img loading=\"lazy\" decoding=\"async\" width=\"1024\" height=\"255\" src=\"http:\/\/dev-x-pyr.com\/wp-content\/uploads\/2026\/02\/Young-guns_c-1024x255.webp\" alt=\"\" class=\"wp-image-42657\" srcset=\"http:\/\/dev-x-pyr.com\/wp-content\/uploads\/2026\/02\/Young-guns_c-1024x255.webp 1024w, http:\/\/dev-x-pyr.com\/wp-content\/uploads\/2026\/02\/Young-guns_c-300x75.webp 300w, http:\/\/dev-x-pyr.com\/wp-content\/uploads\/2026\/02\/Young-guns_c-768x191.webp 768w, http:\/\/dev-x-pyr.com\/wp-content\/uploads\/2026\/02\/Young-guns_c-1536x383.webp 1536w, http:\/\/dev-x-pyr.com\/wp-content\/uploads\/2026\/02\/Young-guns_c.webp 1693w\" sizes=\"(max-width: 1024px) 100vw, 1024px\" \/><\/a><\/figure>\n\n\n\n<p><\/p>\n\n\n\n<p><strong>INTERCONTINENTALES<\/strong>: estos atletas han cruzado continentes para participar en la carrera.<\/p>\n\n\n\n<figure class=\"wp-block-image size-large\"><a href=\"http:\/\/dev-x-pyr.com\/wp-content\/uploads\/2026\/02\/Intercontinentals_c-1024x320.webp\"><img loading=\"lazy\" decoding=\"async\" width=\"1024\" height=\"320\" src=\"http:\/\/dev-x-pyr.com\/wp-content\/uploads\/2026\/02\/Intercontinentals_c-1024x320.webp\" alt=\"\" class=\"wp-image-42658\" srcset=\"http:\/\/dev-x-pyr.com\/wp-content\/uploads\/2026\/02\/Intercontinentals_c-1024x320.webp 1024w, http:\/\/dev-x-pyr.com\/wp-content\/uploads\/2026\/02\/Intercontinentals_c-300x94.webp 300w, http:\/\/dev-x-pyr.com\/wp-content\/uploads\/2026\/02\/Intercontinentals_c-768x240.webp 768w, http:\/\/dev-x-pyr.com\/wp-content\/uploads\/2026\/02\/Intercontinentals_c.webp 1352w\" sizes=\"(max-width: 1024px) 100vw, 1024px\" \/><\/a><\/figure>\n\n\n\n<p><\/p>\n\n\n\n<p><strong>LOS QUE VUELVEN<\/strong>: ya han sentido la magnitud de los Pirineos y aportan algo que no tiene precio: experiencia.<\/p>\n\n\n\n<figure class=\"wp-block-image size-large\"><a href=\"http:\/\/dev-x-pyr.com\/wp-content\/uploads\/2026\/02\/Returners_c-1024x256.webp\"><img loading=\"lazy\" decoding=\"async\" width=\"1024\" height=\"256\" src=\"http:\/\/dev-x-pyr.com\/wp-content\/uploads\/2026\/02\/Returners_c-1024x256.webp\" alt=\"\" class=\"wp-image-42660\" srcset=\"http:\/\/dev-x-pyr.com\/wp-content\/uploads\/2026\/02\/Returners_c-1024x256.webp 1024w, http:\/\/dev-x-pyr.com\/wp-content\/uploads\/2026\/02\/Returners_c-300x75.webp 300w, http:\/\/dev-x-pyr.com\/wp-content\/uploads\/2026\/02\/Returners_c-768x192.webp 768w, http:\/\/dev-x-pyr.com\/wp-content\/uploads\/2026\/02\/Returners_c-1536x384.webp 1536w, http:\/\/dev-x-pyr.com\/wp-content\/uploads\/2026\/02\/Returners_c.webp 1689w\" sizes=\"(max-width: 1024px) 100vw, 1024px\" \/><\/a><\/figure>\n\n\n\n<p><\/p>\n\n\n\n<p><strong>LOS DE CASA<\/strong>: conocen estas monta\u00f1as. \u00bfSe convertir\u00e1 el conocimiento local en la ventaja decisiva?<\/p>\n\n\n\n<figure class=\"wp-block-image size-large\"><a href=\"http:\/\/dev-x-pyr.com\/wp-content\/uploads\/2026\/02\/Locals_c-scaled.webp\"><img loading=\"lazy\" decoding=\"async\" width=\"1024\" height=\"159\" src=\"http:\/\/dev-x-pyr.com\/wp-content\/uploads\/2026\/02\/Locals_c-1024x159.webp\" alt=\"\" class=\"wp-image-42661\" srcset=\"http:\/\/dev-x-pyr.com\/wp-content\/uploads\/2026\/02\/Locals_c-1024x159.webp 1024w, http:\/\/dev-x-pyr.com\/wp-content\/uploads\/2026\/02\/Locals_c-300x46.webp 300w, http:\/\/dev-x-pyr.com\/wp-content\/uploads\/2026\/02\/Locals_c-768x119.webp 768w, http:\/\/dev-x-pyr.com\/wp-content\/uploads\/2026\/02\/Locals_c-1536x238.webp 1536w, http:\/\/dev-x-pyr.com\/wp-content\/uploads\/2026\/02\/Locals_c-2048x317.webp 2048w\" sizes=\"(max-width: 1024px) 100vw, 1024px\" \/><\/a><\/figure>\n\n\n\n<p><\/p>\n\n\n\n<p><strong>LOS DEL GOL<\/strong>: lo han conseguido una vez, de costa a costa. \u00bfPodr\u00e1n volver a alcanzar la meta?<\/p>\n\n\n\n<figure class=\"wp-block-image size-large\"><a href=\"http:\/\/dev-x-pyr.com\/wp-content\/uploads\/2026\/02\/Goalies-1024x213.webp\"><img loading=\"lazy\" decoding=\"async\" width=\"1024\" height=\"213\" src=\"http:\/\/dev-x-pyr.com\/wp-content\/uploads\/2026\/02\/Goalies-1024x213.webp\" alt=\"\" class=\"wp-image-42662\" srcset=\"http:\/\/dev-x-pyr.com\/wp-content\/uploads\/2026\/02\/Goalies-1024x213.webp 1024w, http:\/\/dev-x-pyr.com\/wp-content\/uploads\/2026\/02\/Goalies-300x63.webp 300w, http:\/\/dev-x-pyr.com\/wp-content\/uploads\/2026\/02\/Goalies-768x160.webp 768w, http:\/\/dev-x-pyr.com\/wp-content\/uploads\/2026\/02\/Goalies-1536x320.webp 1536w, http:\/\/dev-x-pyr.com\/wp-content\/uploads\/2026\/02\/Goalies.webp 2025w\" sizes=\"(max-width: 1024px) 100vw, 1024px\" \/><\/a><\/figure>\n\n\n\n<p><\/p>\n\n\n\n<p><strong>MUJERES<\/strong>: nunca antes hab\u00edan participado tantas mujeres en una carrera de tan alto nivel de H&amp;F.<\/p>\n\n\n\n<figure class=\"wp-block-image size-large\"><a href=\"http:\/\/dev-x-pyr.com\/wp-content\/uploads\/2026\/02\/Women_c-1024x250.webp\"><img loading=\"lazy\" decoding=\"async\" width=\"1024\" height=\"250\" src=\"http:\/\/dev-x-pyr.com\/wp-content\/uploads\/2026\/02\/Women_c-1024x250.webp\" alt=\"\" class=\"wp-image-42663\" srcset=\"http:\/\/dev-x-pyr.com\/wp-content\/uploads\/2026\/02\/Women_c-1024x250.webp 1024w, http:\/\/dev-x-pyr.com\/wp-content\/uploads\/2026\/02\/Women_c-300x73.webp 300w, http:\/\/dev-x-pyr.com\/wp-content\/uploads\/2026\/02\/Women_c-768x187.webp 768w, http:\/\/dev-x-pyr.com\/wp-content\/uploads\/2026\/02\/Women_c-1536x374.webp 1536w, http:\/\/dev-x-pyr.com\/wp-content\/uploads\/2026\/02\/Women_c.webp 1731w\" sizes=\"(max-width: 1024px) 100vw, 1024px\" \/><\/a><\/figure>\n\n\n\n<p><\/p>\n\n\n\n<p><strong>LEYENDAS<\/strong>: todos los atletas de este grupo se han situado entre los mejores en la X-Pyr. La carrera de este a\u00f1o enfrenta al campe\u00f3n defensor Simon Oberrauner contra el cuatro veces campe\u00f3n Chrigel Maurer. Pierre Remy ha estado muy cerca del primer puesto y est\u00e1 ansioso por alcanzar la gloria. La \u00faltima vez, el novato Christian Schugg logr\u00f3 un incre\u00edble vuelo final que le vali\u00f3 el segundo puesto. \u00bfPodr\u00e1 mejorar ese resultado? Standa Mayer siempre ha alcanzado la meta, \u00bfpodr\u00e1 hacerlo por quinta vez? Y damos la bienvenida de nuevo a nuestro amigo Toma Coconea, una leyenda de las carreras de H&amp;F.<\/p>\n\n\n\n<figure class=\"wp-block-image size-large\"><a href=\"http:\/\/dev-x-pyr.com\/wp-content\/uploads\/2026\/02\/Legends-1024x213.webp\"><img loading=\"lazy\" decoding=\"async\" width=\"1024\" height=\"213\" src=\"http:\/\/dev-x-pyr.com\/wp-content\/uploads\/2026\/02\/Legends-1024x213.webp\" alt=\"\" class=\"wp-image-42664\" srcset=\"http:\/\/dev-x-pyr.com\/wp-content\/uploads\/2026\/02\/Legends-1024x213.webp 1024w, http:\/\/dev-x-pyr.com\/wp-content\/uploads\/2026\/02\/Legends-300x63.webp 300w, http:\/\/dev-x-pyr.com\/wp-content\/uploads\/2026\/02\/Legends-768x160.webp 768w, http:\/\/dev-x-pyr.com\/wp-content\/uploads\/2026\/02\/Legends-1536x320.webp 1536w, http:\/\/dev-x-pyr.com\/wp-content\/uploads\/2026\/02\/Legends.webp 2025w\" sizes=\"(max-width: 1024px) 100vw, 1024px\" \/><\/a><\/figure>\n\n\n\n<p><\/p>\n\n\n\n<p>Pronto podr\u00e1s ver toda la informaci\u00f3n del equipo, entrevistas, etc. Sigue atento a esta p\u00e1gina<\/p>\n","protected":false},"excerpt":{"rendered":"<p>Tras un n\u00famero r\u00e9cord de inscritos, ya podemos anunciar los equipos seleccionados. Son 50, el mayor n\u00famero en la historia de la carrera. Algunos son rostros conocidos de la X-Pyr. El \u00faltimo ganador Simon Oberrauner (AUT) y el subcampe\u00f3n de 2024 Christian Schugg (GER), as\u00ed como el piloto local y ex campe\u00f3n del mundo Pierre [&hellip;]<\/p>\n","protected":false},"author":4,"featured_media":42674,"comment_status":"open","ping_status":"open","sticky":false,"template":"","format":"standard","meta":{"_acf_changed":false,"footnotes":""},"categories":[383,373,374,375,376,378],"tags":[628,839,855,650,840,856,674,841,857,709,842,858,716,843,859,732,844,860,768,845,861,785,846,862,789,847,863,832,848,864,833,849,865,395,834,850,866,428,835,851,430,836,852,436,837,853,437,838,854],"class_list":["post-42672","post","type-post","status-publish","format-standard","has-post-thumbnail","hentry","category-noticias-es","category-blog-es","category-destacado-es","category-home-es","category-race_news-es","category-slider-home-es","tag-toma-coconea-es","tag-bruno-caby","tag-mael-baguet-2","tag-justin-puthod-es","tag-celia-viermann","tag-manel-gras","tag-benoit-brunet-poirier-es","tag-charles-de-beaufort","tag-markus-anders","tag-gabriel-jansen-es","tag-chrigel-maurer","tag-mattin-iniguez","tag-sebastian-weber-es","tag-daniel-rosinsky","tag-nelson-de-freyman","tag-jean-de-biolley-es","tag-david-chen","tag-nicolas-bourqui","tag-christian-schugg-es","tag-davide-sassudeli","tag-pauline-mueller","tag-sebrand-warren-es","tag-elisa-deutschmann","tag-pedro-ferrao","tag-2026-es","tag-franscesca-muganesi","tag-romain-larripa","tag-andrea-conci","tag-fredi-tuset","tag-samuel-inouye","tag-aner-bueno","tag-gabriela-avagian","tag-silvan-wuethrich","tag-andreas_viehbock","tag-antoine-franc","tag-guillem-mobe","tag-tilen-ceglar","tag-noe_court","tag-antonio-ramos","tag-guillermo-monroset","tag-pierre_remy","tag-arthur-monidrot","tag-idris-birch","tag-simon_oberrauner","tag-baris-celik-2","tag-leo-beard","tag-stanislav_mayer","tag-benjamin-gaudry","tag-lucas-bonin"],"acf":[],"_links":{"self":[{"href":"http:\/\/dev-x-pyr.com\/es\/wp-json\/wp\/v2\/posts\/42672","targetHints":{"allow":["GET"]}}],"collection":[{"href":"http:\/\/dev-x-pyr.com\/es\/wp-json\/wp\/v2\/posts"}],"about":[{"href":"http:\/\/dev-x-pyr.com\/es\/wp-json\/wp\/v2\/types\/post"}],"author":[{"embeddable":true,"href":"http:\/\/dev-x-pyr.com\/es\/wp-json\/wp\/v2\/users\/4"}],"replies":[{"embeddable":true,"href":"http:\/\/dev-x-pyr.com\/es\/wp-json\/wp\/v2\/comments?post=42672"}],"version-history":[{"count":4,"href":"http:\/\/dev-x-pyr.com\/es\/wp-json\/wp\/v2\/posts\/42672\/revisions"}],"predecessor-version":[{"id":42712,"href":"http:\/\/dev-x-pyr.com\/es\/wp-json\/wp\/v2\/posts\/42672\/revisions\/42712"}],"wp:featuredmedia":[{"embeddable":true,"href":"http:\/\/dev-x-pyr.com\/es\/wp-json\/wp\/v2\/media\/42674"}],"wp:attachment":[{"href":"http:\/\/dev-x-pyr.com\/es\/wp-json\/wp\/v2\/media?parent=42672"}],"wp:term":[{"taxonomy":"category","embeddable":true,"href":"http:\/\/dev-x-pyr.com\/es\/wp-json\/wp\/v2\/categories?post=42672"},{"taxonomy":"post_tag","embeddable":true,"href":"http:\/\/dev-x-pyr.com\/es\/wp-json\/wp\/v2\/tags?post=42672"}],"curies":[{"name":"wp","href":"https:\/\/api.w.org\/{rel}","templated":true}]}}